{"id":2472,"date":"2014-10-07T10:13:00","date_gmt":"2014-10-07T09:13:00","guid":{"rendered":"http:\/\/www.marianneguillemet.fr\/wp\/?p=2472"},"modified":"2015-03-16T13:20:25","modified_gmt":"2015-03-16T12:20:25","slug":"bienvenue-a-camille","status":"publish","type":"post","link":"https:\/\/www.marianneguillemet.fr\/index.php\/2014\/10\/07\/bienvenue-a-camille\/","title":{"rendered":"Bienvenue \u00e0 Camille!"},"content":{"rendered":"<div style=\"clear: both; text-align: center;\"><a href=\"http:\/\/www.marianneguillemet.fr\/wp\/wp-content\/uploads\/2014\/10\/Camille.jpg\" style=\"margin-left: 1em; margin-right: 1em;\"><img loading=\"lazy\" decoding=\"async\" border=\"0\" src=\"http:\/\/www.marianneguillemet.fr\/wp\/wp-content\/uploads\/2014\/10\/Camille.jpg\" height=\"400\" width=\"341\" \/><\/a><\/div>\n<div style=\"text-align: center;\">Un petit gar\u00e7on n\u00e9 en ao\u00fbt.<\/div>\n<div style=\"text-align: center;\">Des envies de bleu. <\/div>\n<div style=\"text-align: center;\">De jolies photos faites par son papa.<\/div>\n<div style=\"text-align: center;\">Une jolie commande.<\/div>\n<div style=\"text-align: center;\">Le faire-part du petit Camille!<\/div>\n<div style=\"text-align: center;\"><\/div>\n<h2 style=\"text-align: center;\"><span style=\"color: red;\">Et le verso<\/span><\/h2>\n<div style=\"clear: both; text-align: center;\"><a href=\"http:\/\/www.marianneguillemet.fr\/wp\/wp-content\/uploads\/2014\/10\/CamilleVerso.jpg\" style=\"margin-left: 1em; margin-right: 1em;\"><img loading=\"lazy\" decoding=\"async\" border=\"0\" src=\"http:\/\/www.marianneguillemet.fr\/wp\/wp-content\/uploads\/2014\/10\/CamilleVerso.jpg\" height=\"400\" width=\"341\" \/><\/a><\/div>\n<h2 style=\"text-align: center;\"><\/h2>\n","protected":false},"excerpt":{"rendered":"<p>Un petit gar\u00e7on n\u00e9 en ao\u00fbt. Des envies de bleu. De jolies photos faites par son papa. Une jolie commande. Le faire-part du petit Camille! Et le verso<\/p>\n","protected":false},"author":1,"featured_media":2688,"comment_status":"closed","ping_status":"open","sticky":false,"template":"","format":"standard","meta":{"footnotes":""},"categories":[15,22,16],"tags":[],"class_list":["post-2472","post","type-post","status-publish","format-standard","has-post-thumbnail","hentry","category-cest-moi-qua-fait","category-enfants","category-graphisme"],"_links":{"self":[{"href":"https:\/\/www.marianneguillemet.fr\/index.php\/wp-json\/wp\/v2\/posts\/2472","targetHints":{"allow":["GET"]}}],"collection":[{"href":"https:\/\/www.marianneguillemet.fr\/index.php\/wp-json\/wp\/v2\/posts"}],"about":[{"href":"https:\/\/www.marianneguillemet.fr\/index.php\/wp-json\/wp\/v2\/types\/post"}],"author":[{"embeddable":true,"href":"https:\/\/www.marianneguillemet.fr\/index.php\/wp-json\/wp\/v2\/users\/1"}],"replies":[{"embeddable":true,"href":"https:\/\/www.marianneguillemet.fr\/index.php\/wp-json\/wp\/v2\/comments?post=2472"}],"version-history":[{"count":0,"href":"https:\/\/www.marianneguillemet.fr\/index.php\/wp-json\/wp\/v2\/posts\/2472\/revisions"}],"wp:featuredmedia":[{"embeddable":true,"href":"https:\/\/www.marianneguillemet.fr\/index.php\/wp-json\/wp\/v2\/media\/2688"}],"wp:attachment":[{"href":"https:\/\/www.marianneguillemet.fr\/index.php\/wp-json\/wp\/v2\/media?parent=2472"}],"wp:term":[{"taxonomy":"category","embeddable":true,"href":"https:\/\/www.marianneguillemet.fr\/index.php\/wp-json\/wp\/v2\/categories?post=2472"},{"taxonomy":"post_tag","embeddable":true,"href":"https:\/\/www.marianneguillemet.fr\/index.php\/wp-json\/wp\/v2\/tags?post=2472"}],"curies":[{"name":"wp","href":"https:\/\/api.w.org\/{rel}","templated":true}]}}