{"id":2481,"date":"2014-06-27T12:53:00","date_gmt":"2014-06-27T11:53:00","guid":{"rendered":"http:\/\/www.marianneguillemet.fr\/wp\/?p=2481"},"modified":"2015-03-16T13:20:25","modified_gmt":"2015-03-16T12:20:25","slug":"un-petit-coup-de-jeune","status":"publish","type":"post","link":"https:\/\/www.marianneguillemet.fr\/index.php\/2014\/06\/27\/un-petit-coup-de-jeune\/","title":{"rendered":"Un petit coup de jeune!"},"content":{"rendered":"<div style=\"clear: both; text-align: center;\"><a href=\"http:\/\/www.marianneguillemet.fr\/wp\/wp-content\/uploads\/2014\/06\/Etageres.jpg\" style=\"margin-left: 1em; margin-right: 1em;\"><img loading=\"lazy\" decoding=\"async\" border=\"0\" src=\"http:\/\/www.marianneguillemet.fr\/wp\/wp-content\/uploads\/2014\/06\/Etageres.jpg\" height=\"400\" width=\"341\" \/><\/a><\/div>\n<div style=\"text-align: center;\">Une \u00e9tag\u00e8re blanche un peu d\u00e9fraichie.<br \/>Des jolies feuilles D\u00e9copatch fleuries.<\/div>\n<div style=\"text-align: center;\">Du vernis colle.<\/div>\n<div style=\"text-align: center;\">La nouvelle biblioth\u00e8que de Rosalie!<\/div>\n<div style=\"text-align: center;\"><\/div>\n<div style=\"text-align: center;\"><\/div>\n<h2 style=\"text-align: center;\"><span style=\"color: red;\">Et avec le petit bazar<\/span><\/h2>\n<div style=\"clear: both; text-align: center;\"><\/div>\n<div style=\"clear: both; text-align: center;\"><a href=\"http:\/\/www.marianneguillemet.fr\/wp\/wp-content\/uploads\/2014\/06\/Etageres2.jpg\" style=\"margin-left: 1em; margin-right: 1em;\"><img loading=\"lazy\" decoding=\"async\" border=\"0\" src=\"http:\/\/www.marianneguillemet.fr\/wp\/wp-content\/uploads\/2014\/06\/Etageres2.jpg\" height=\"400\" width=\"341\" \/><\/a><\/div>\n<div style=\"text-align: center;\"><span style=\"font-size: x-small;\">Bo\u00eete \u00e0 musique Miffy, lapin Petit Pan, <br \/>dinette du grenier, chaussures et boite \u00e0 musique Baby Dior&nbsp;<\/span><\/div>\n<div style=\"text-align: center;\"><span style=\"font-size: x-small;\">(eh oui\u2026 il faut ce qu&#8217;il faut!)<\/span><\/div>\n","protected":false},"excerpt":{"rendered":"<p>Une \u00e9tag\u00e8re blanche un peu d\u00e9fraichie.Des jolies feuilles D\u00e9copatch fleuries. Du vernis colle. La nouvelle biblioth\u00e8que de Rosalie! Et avec le petit bazar Bo\u00eete \u00e0 musique Miffy, lapin Petit Pan, [&hellip;]<\/p>\n","protected":false},"author":1,"featured_media":2709,"comment_status":"closed","ping_status":"open","sticky":false,"template":"","format":"standard","meta":{"footnotes":""},"categories":[15,13,22,27],"tags":[],"class_list":["post-2481","post","type-post","status-publish","format-standard","has-post-thumbnail","hentry","category-cest-moi-qua-fait","category-deco","category-enfants","category-recup"],"_links":{"self":[{"href":"https:\/\/www.marianneguillemet.fr\/index.php\/wp-json\/wp\/v2\/posts\/2481","targetHints":{"allow":["GET"]}}],"collection":[{"href":"https:\/\/www.marianneguillemet.fr\/index.php\/wp-json\/wp\/v2\/posts"}],"about":[{"href":"https:\/\/www.marianneguillemet.fr\/index.php\/wp-json\/wp\/v2\/types\/post"}],"author":[{"embeddable":true,"href":"https:\/\/www.marianneguillemet.fr\/index.php\/wp-json\/wp\/v2\/users\/1"}],"replies":[{"embeddable":true,"href":"https:\/\/www.marianneguillemet.fr\/index.php\/wp-json\/wp\/v2\/comments?post=2481"}],"version-history":[{"count":0,"href":"https:\/\/www.marianneguillemet.fr\/index.php\/wp-json\/wp\/v2\/posts\/2481\/revisions"}],"wp:featuredmedia":[{"embeddable":true,"href":"https:\/\/www.marianneguillemet.fr\/index.php\/wp-json\/wp\/v2\/media\/2709"}],"wp:attachment":[{"href":"https:\/\/www.marianneguillemet.fr\/index.php\/wp-json\/wp\/v2\/media?parent=2481"}],"wp:term":[{"taxonomy":"category","embeddable":true,"href":"https:\/\/www.marianneguillemet.fr\/index.php\/wp-json\/wp\/v2\/categories?post=2481"},{"taxonomy":"post_tag","embeddable":true,"href":"https:\/\/www.marianneguillemet.fr\/index.php\/wp-json\/wp\/v2\/tags?post=2481"}],"curies":[{"name":"wp","href":"https:\/\/api.w.org\/{rel}","templated":true}]}}